{"id":5746,"date":"2018-11-21T11:05:18","date_gmt":"2018-11-21T10:05:18","guid":{"rendered":"https:\/\/www.gesund24h.de\/blog\/?p=5746"},"modified":"2018-11-21T11:05:18","modified_gmt":"2018-11-21T10:05:18","slug":"demenz-kein-tabuthema-mehr","status":"publish","type":"post","link":"https:\/\/www.gesund24h.de\/blog\/allgemeines\/demenz-kein-tabuthema-mehr.html","title":{"rendered":"Demenz \u2013 kein Tabuthema mehr"},"content":{"rendered":"<p><img loading=\"lazy\" decoding=\"async\" class=\"alignleft size-medium wp-image-5747\" src=\"https:\/\/www.gesund24h.de\/blog\/wp-content\/uploads\/2018\/11\/old-peoples-home-63617_1280-300x225.jpg\" alt=\"Demenz-Alzheimer\" width=\"300\" height=\"225\" srcset=\"https:\/\/www.gesund24h.de\/blog\/wp-content\/uploads\/2018\/11\/old-peoples-home-63617_1280-300x225.jpg 300w, https:\/\/www.gesund24h.de\/blog\/wp-content\/uploads\/2018\/11\/old-peoples-home-63617_1280-460x345.jpg 460w, https:\/\/www.gesund24h.de\/blog\/wp-content\/uploads\/2018\/11\/old-peoples-home-63617_1280-1024x768.jpg 1024w, https:\/\/www.gesund24h.de\/blog\/wp-content\/uploads\/2018\/11\/old-peoples-home-63617_1280-768x576.jpg 768w, https:\/\/www.gesund24h.de\/blog\/wp-content\/uploads\/2018\/11\/old-peoples-home-63617_1280.jpg 1280w\" sizes=\"auto, (max-width: 300px) 100vw, 300px\" \/>In unserer Gesellschaft ist heute der Umgang mit Demenz kein Tabuthema mehr. Denn allein in Deutschland leben mehr als 1,5 Millionen vorwiegend \u00e4ltere Menschen mit Demenz. Da kann man davon ausgehen, dass mit der steigenden Lebenserwartung der \u00c4lteren auch die Zahl der Demenzkranken ansteigen wird.<!--more--><\/p>\n<h2>Unters\u00fctzung bei Demenz und Ged\u00e4chtnisverlust<\/h2>\n<p>In der <a href=\"https:\/\/de.wikipedia.org\/wiki\/Geriatrie\" target=\"_blank\" rel=\"noopener\">Geriartrie<\/a>, so der Fachbegriff f\u00fcr die klinische Altersmedizin, gibt es verschiedene M\u00f6glichkeiten, die Patienten bei Anzeichen von Ged\u00e4chtnisverlust unterst\u00fctzen k\u00f6nnen. Vor allem auch, wie das direkte Umfeld einbezogen werden kann. So ist beispielsweise die Ged\u00e4chtnis-Sprechstunde ein gutes Instrument. Dabei pr\u00fcft ein Therapeuten-Team, ob tats\u00e4chlich eine Demenz vorliegt. Wenn das der Fall ist, wird getestet, wie schwerwiegend diese ist. Es gibt hier standardisierte Tests, in denen es kleine sprachliche \u00dcbungen, Rechen- und Zeichenaufgaben zu bew\u00e4ltigen gibt. Beispielsweise macht man den sogenannten Uhrentest: Da muss eine Uhr gezeichnet werden mit der vom Pr\u00fcfer vorgegebenen Uhrzeit. So werden Instruktionsverst\u00e4ndnis, das visuelle Ged\u00e4chtnis wie auch Ausf\u00fchrung getestet.<\/p>\n<h2>Demenz-Diagnose durch Ged\u00e4chtnis-Sprechstunden<\/h2>\n<p>Oft kommt es vor, dass so eine Sprechstunde von Angeh\u00f6rigen vereinbart wird, denen eine gewisse Vergesslichkeit des Patienten aufgefallen ist. Es ist \u00fcblich und auch sehr empfehlenswert, dass dann auch die Angeh\u00f6rigen an der Sprechstunde teilnehmen. Denn die folgende erste Diagnostik ist f\u00fcr das sp\u00e4tere Umgehen mit der Krankheit im direkten Umfeld wichtig. F\u00fcr die Ged\u00e4chtnis-Sprechstunde sollten alle, Betroffene und Angeh\u00f6rige, gen\u00fcgend Zeit mitbringen. Das ist nicht in einigen Minuten zu machen. Erst muss eine Kombination einer Reihe von Tests mit der klinischen Symptomatik verbunden werden, damit eine erste Diagnose erstellt werden kann.<\/p>\n<h2>Auswertung des Demenz-Tests<\/h2>\n<p>Die Auswertung gibt den Altersmedizinern die M\u00f6glichkeit, den Angeh\u00f6rigen und auch dem Hausarzt individuelle Empfehlungen anzubieten. So kann es f\u00fcr die Patienten sinnvoll sein, besonders auf sie zugeschnittene Trainingseinheiten zu absolvieren. Damit kann man die Hirnleistung dauerhaft stabilisieren.\u00a0Wichtig ist zu beachten, dass es sich bei jeder Vergesslichkeit schon um Demenz handelt!<\/p>\n","protected":false},"excerpt":{"rendered":"<p>In unserer Gesellschaft ist heute der Umgang mit Demenz kein Tabuthema mehr. Denn allein in Deutschland leben mehr als 1,5 Millionen vorwiegend \u00e4ltere Menschen mit Demenz. Da kann man davon ausgehen, dass mit der steigenden Lebenserwartung der \u00c4lteren auch die<\/p>\n","protected":false},"author":1,"featured_media":5747,"comment_status":"open","ping_status":"closed","sticky":false,"template":"","format":"standard","meta":{"footnotes":""},"categories":[1],"tags":[],"class_list":["post-5746","post","type-post","status-publish","format-standard","has-post-thumbnail","hentry","category-allgemeines"],"aioseo_notices":[],"_links":{"self":[{"href":"https:\/\/www.gesund24h.de\/blog\/wp-json\/wp\/v2\/posts\/5746","targetHints":{"allow":["GET"]}}],"collection":[{"href":"https:\/\/www.gesund24h.de\/blog\/wp-json\/wp\/v2\/posts"}],"about":[{"href":"https:\/\/www.gesund24h.de\/blog\/wp-json\/wp\/v2\/types\/post"}],"author":[{"embeddable":true,"href":"https:\/\/www.gesund24h.de\/blog\/wp-json\/wp\/v2\/users\/1"}],"replies":[{"embeddable":true,"href":"https:\/\/www.gesund24h.de\/blog\/wp-json\/wp\/v2\/comments?post=5746"}],"version-history":[{"count":0,"href":"https:\/\/www.gesund24h.de\/blog\/wp-json\/wp\/v2\/posts\/5746\/revisions"}],"wp:featuredmedia":[{"embeddable":true,"href":"https:\/\/www.gesund24h.de\/blog\/wp-json\/wp\/v2\/media\/5747"}],"wp:attachment":[{"href":"https:\/\/www.gesund24h.de\/blog\/wp-json\/wp\/v2\/media?parent=5746"}],"wp:term":[{"taxonomy":"category","embeddable":true,"href":"https:\/\/www.gesund24h.de\/blog\/wp-json\/wp\/v2\/categories?post=5746"},{"taxonomy":"post_tag","embeddable":true,"href":"https:\/\/www.gesund24h.de\/blog\/wp-json\/wp\/v2\/tags?post=5746"}],"curies":[{"name":"wp","href":"https:\/\/api.w.org\/{rel}","templated":true}]}}